{"id":3765,"date":"2021-02-01T13:49:11","date_gmt":"2021-02-01T13:49:11","guid":{"rendered":"https:\/\/mylifeineurope.nkey.it\/kick-off-meeting\/"},"modified":"2021-07-19T08:08:21","modified_gmt":"2021-07-19T08:08:21","slug":"prima-intalnire","status":"publish","type":"post","link":"https:\/\/www.mylifeineurope.nkey.it\/ro\/prima-intalnire\/","title":{"rendered":"PRIMA \u00ceNT\u00c2LNIRE"},"content":{"rendered":"<p><span lang=\"ro-RO\"><i>Prima \u00eent\u00e2lnire a partenerilor \u201eVia\u021ba mea \u00een Europa\u201d a avut loc online, mar\u021bi, 22 decembrie, \u0219i a marcat debutul fazei opera\u021bionale a proiectului.<\/i><\/span><\/p>\n<p><span lang=\"ro-RO\"><i>Prima \u00eent\u00e2lnire trans-na\u021bional\u0103 a fost una neobi\u0219nuit\u0103, din pricina st\u0103rii de urgen\u021b\u0103 cauzat\u0103 de pandemia de Covid-19.<\/i><\/span><\/p>\n<p><span lang=\"ro-RO\"><i>Dr. Carla Sabatini de la Nkey srl a prezentat condi\u021biile contractuale \u0219i administrative, care au fost aprobate \u0219i acceptate de to\u021bi partenerii.<\/i><\/span><\/p>\n<p><span lang=\"ro-RO\"><i>Au fost atinse toate aspectele privind activit\u0103\u021bile urm\u0103toare, fiind luate \u00een considerare problemele curente, iar, de\u0219i urm\u0103toarele \u00eent\u00e2lniri pot suferi modific\u0103ri, to\u021bi partenerii au fost de acord cu continuarea proiectului pas cu <\/i><\/span><span lang=\"ro-RO\"><i>pas, colabor\u00e2nd \u00eempreun\u0103 pentru atingerea cu succes a obiectivelor propuse.<\/i><\/span><\/p>\n<p><span lang=\"ro-RO\"><i>\u00cent\u00e2lnirea s-a terminat odat\u0103 cu semnarea acordului de parteneriat.<\/i><\/span><\/p>\n<div class=\"clearfix\"><\/div>","protected":false},"excerpt":{"rendered":"<p>Prima \u00eent\u00e2lnire a partenerilor \u201eVia\u021ba mea \u00een Europa\u201d a avut loc online, mar\u021bi, 22 decembrie, \u0219i a marcat debutul fazei opera\u021bionale a proiectului. Prima \u00eent\u00e2lnire trans-na\u021bional\u0103 a fost una neobi\u0219nuit\u0103, din pricina st\u0103rii de urgen\u021b\u0103 cauzat\u0103 de pandemia de Covid-19. Dr. Carla Sabatini de la&#8230;<\/p>\n","protected":false},"author":5,"featured_media":3700,"comment_status":"closed","ping_status":"closed","sticky":false,"template":"","format":"standard","meta":[],"categories":[110],"tags":[],"acf":[],"yoast_head":"<!-- This site is optimized with the Yoast SEO plugin v18.7 - https:\/\/yoast.com\/wordpress\/plugins\/seo\/ -->\n<title>PRIMA \u00ceNT\u00c2LNIRE - MY LIFE in EUROPE<\/title>\n<meta name=\"robots\" content=\"index, follow, max-snippet:-1, max-image-preview:large, max-video-preview:-1\" \/>\n<link rel=\"canonical\" href=\"https:\/\/www.mylifeineurope.nkey.it\/ro\/prima-intalnire\/\" \/>\n<meta property=\"og:locale\" content=\"ro_RO\" \/>\n<meta property=\"og:type\" content=\"article\" \/>\n<meta property=\"og:title\" content=\"PRIMA \u00ceNT\u00c2LNIRE - MY LIFE in EUROPE\" \/>\n<meta property=\"og:description\" content=\"Prima \u00eent\u00e2lnire a partenerilor \u201eVia\u021ba mea \u00een Europa\u201d a avut loc online, mar\u021bi, 22 decembrie, \u0219i a marcat debutul fazei opera\u021bionale a proiectului. Prima \u00eent\u00e2lnire trans-na\u021bional\u0103 a fost una neobi\u0219nuit\u0103, din pricina st\u0103rii de urgen\u021b\u0103 cauzat\u0103 de pandemia de Covid-19. Dr. Carla Sabatini de la...\" \/>\n<meta property=\"og:url\" content=\"https:\/\/www.mylifeineurope.nkey.it\/ro\/prima-intalnire\/\" \/>\n<meta property=\"og:site_name\" content=\"MY LIFE in EUROPE\" \/>\n<meta property=\"article:published_time\" content=\"2021-02-01T13:49:11+00:00\" \/>\n<meta property=\"article:modified_time\" content=\"2021-07-19T08:08:21+00:00\" \/>\n<meta property=\"og:image\" content=\"https:\/\/www.mylifeineurope.nkey.it\/wp-content\/uploads\/2021\/01\/My-Life.png\" \/>\n\t<meta property=\"og:image:width\" content=\"1170\" \/>\n\t<meta property=\"og:image:height\" content=\"611\" \/>\n\t<meta property=\"og:image:type\" content=\"image\/png\" \/>\n<meta name=\"twitter:card\" content=\"summary_large_image\" \/>\n<meta name=\"twitter:label1\" content=\"Scris de\" \/>\n\t<meta name=\"twitter:data1\" content=\"AdminEU\" \/>\n\t<meta name=\"twitter:label2\" content=\"Timp estimat pentru citire\" \/>\n\t<meta name=\"twitter:data2\" content=\"1 minut\" \/>\n<script type=\"application\/ld+json\" class=\"yoast-schema-graph\">{\"@context\":\"https:\/\/schema.org\",\"@graph\":[{\"@type\":\"WebSite\",\"@id\":\"https:\/\/www.mylifeineurope.nkey.it\/#website\",\"url\":\"https:\/\/www.mylifeineurope.nkey.it\/\",\"name\":\"MY LIFE in EUROPE\",\"description\":\"a new Methodology to insert Your LIFE biography IN the EUROPE context\",\"potentialAction\":[{\"@type\":\"SearchAction\",\"target\":{\"@type\":\"EntryPoint\",\"urlTemplate\":\"https:\/\/www.mylifeineurope.nkey.it\/?s={search_term_string}\"},\"query-input\":\"required name=search_term_string\"}],\"inLanguage\":\"ro-RO\"},{\"@type\":\"ImageObject\",\"inLanguage\":\"ro-RO\",\"@id\":\"https:\/\/www.mylifeineurope.nkey.it\/ro\/prima-intalnire\/#primaryimage\",\"url\":\"https:\/\/www.mylifeineurope.nkey.it\/wp-content\/uploads\/2021\/01\/My-Life.png\",\"contentUrl\":\"https:\/\/www.mylifeineurope.nkey.it\/wp-content\/uploads\/2021\/01\/My-Life.png\",\"width\":1170,\"height\":611},{\"@type\":\"WebPage\",\"@id\":\"https:\/\/www.mylifeineurope.nkey.it\/ro\/prima-intalnire\/#webpage\",\"url\":\"https:\/\/www.mylifeineurope.nkey.it\/ro\/prima-intalnire\/\",\"name\":\"PRIMA \u00ceNT\u00c2LNIRE - MY LIFE in EUROPE\",\"isPartOf\":{\"@id\":\"https:\/\/www.mylifeineurope.nkey.it\/#website\"},\"primaryImageOfPage\":{\"@id\":\"https:\/\/www.mylifeineurope.nkey.it\/ro\/prima-intalnire\/#primaryimage\"},\"datePublished\":\"2021-02-01T13:49:11+00:00\",\"dateModified\":\"2021-07-19T08:08:21+00:00\",\"author\":{\"@id\":\"https:\/\/www.mylifeineurope.nkey.it\/#\/schema\/person\/53160c96724498f32d0e48ed0068be35\"},\"breadcrumb\":{\"@id\":\"https:\/\/www.mylifeineurope.nkey.it\/ro\/prima-intalnire\/#breadcrumb\"},\"inLanguage\":\"ro-RO\",\"potentialAction\":[{\"@type\":\"ReadAction\",\"target\":[\"https:\/\/www.mylifeineurope.nkey.it\/ro\/prima-intalnire\/\"]}]},{\"@type\":\"BreadcrumbList\",\"@id\":\"https:\/\/www.mylifeineurope.nkey.it\/ro\/prima-intalnire\/#breadcrumb\",\"itemListElement\":[{\"@type\":\"ListItem\",\"position\":1,\"name\":\"Home\",\"item\":\"https:\/\/www.mylifeineurope.nkey.it\/ro\/\"},{\"@type\":\"ListItem\",\"position\":2,\"name\":\"PRIMA \u00ceNT\u00c2LNIRE\"}]},{\"@type\":\"Person\",\"@id\":\"https:\/\/www.mylifeineurope.nkey.it\/#\/schema\/person\/53160c96724498f32d0e48ed0068be35\",\"name\":\"AdminEU\",\"image\":{\"@type\":\"ImageObject\",\"inLanguage\":\"ro-RO\",\"@id\":\"https:\/\/www.mylifeineurope.nkey.it\/#\/schema\/person\/image\/\",\"url\":\"https:\/\/secure.gravatar.com\/avatar\/55a18232c4ed8b338949a13cc303654b?s=96&d=mm&r=g\",\"contentUrl\":\"https:\/\/secure.gravatar.com\/avatar\/55a18232c4ed8b338949a13cc303654b?s=96&d=mm&r=g\",\"caption\":\"AdminEU\"},\"url\":\"https:\/\/www.mylifeineurope.nkey.it\/ro\/author\/admineu\/\"}]}<\/script>\n<!-- \/ Yoast SEO plugin. -->","yoast_head_json":{"title":"PRIMA \u00ceNT\u00c2LNIRE - MY LIFE in EUROPE","robots":{"index":"index","follow":"follow","max-snippet":"max-snippet:-1","max-image-preview":"max-image-preview:large","max-video-preview":"max-video-preview:-1"},"canonical":"https:\/\/www.mylifeineurope.nkey.it\/ro\/prima-intalnire\/","og_locale":"ro_RO","og_type":"article","og_title":"PRIMA \u00ceNT\u00c2LNIRE - MY LIFE in EUROPE","og_description":"Prima \u00eent\u00e2lnire a partenerilor \u201eVia\u021ba mea \u00een Europa\u201d a avut loc online, mar\u021bi, 22 decembrie, \u0219i a marcat debutul fazei opera\u021bionale a proiectului. Prima \u00eent\u00e2lnire trans-na\u021bional\u0103 a fost una neobi\u0219nuit\u0103, din pricina st\u0103rii de urgen\u021b\u0103 cauzat\u0103 de pandemia de Covid-19. Dr. Carla Sabatini de la...","og_url":"https:\/\/www.mylifeineurope.nkey.it\/ro\/prima-intalnire\/","og_site_name":"MY LIFE in EUROPE","article_published_time":"2021-02-01T13:49:11+00:00","article_modified_time":"2021-07-19T08:08:21+00:00","og_image":[{"width":1170,"height":611,"url":"https:\/\/www.mylifeineurope.nkey.it\/wp-content\/uploads\/2021\/01\/My-Life.png","type":"image\/png"}],"twitter_card":"summary_large_image","twitter_misc":{"Scris de":"AdminEU","Timp estimat pentru citire":"1 minut"},"schema":{"@context":"https:\/\/schema.org","@graph":[{"@type":"WebSite","@id":"https:\/\/www.mylifeineurope.nkey.it\/#website","url":"https:\/\/www.mylifeineurope.nkey.it\/","name":"MY LIFE in EUROPE","description":"a new Methodology to insert Your LIFE biography IN the EUROPE context","potentialAction":[{"@type":"SearchAction","target":{"@type":"EntryPoint","urlTemplate":"https:\/\/www.mylifeineurope.nkey.it\/?s={search_term_string}"},"query-input":"required name=search_term_string"}],"inLanguage":"ro-RO"},{"@type":"ImageObject","inLanguage":"ro-RO","@id":"https:\/\/www.mylifeineurope.nkey.it\/ro\/prima-intalnire\/#primaryimage","url":"https:\/\/www.mylifeineurope.nkey.it\/wp-content\/uploads\/2021\/01\/My-Life.png","contentUrl":"https:\/\/www.mylifeineurope.nkey.it\/wp-content\/uploads\/2021\/01\/My-Life.png","width":1170,"height":611},{"@type":"WebPage","@id":"https:\/\/www.mylifeineurope.nkey.it\/ro\/prima-intalnire\/#webpage","url":"https:\/\/www.mylifeineurope.nkey.it\/ro\/prima-intalnire\/","name":"PRIMA \u00ceNT\u00c2LNIRE - MY LIFE in EUROPE","isPartOf":{"@id":"https:\/\/www.mylifeineurope.nkey.it\/#website"},"primaryImageOfPage":{"@id":"https:\/\/www.mylifeineurope.nkey.it\/ro\/prima-intalnire\/#primaryimage"},"datePublished":"2021-02-01T13:49:11+00:00","dateModified":"2021-07-19T08:08:21+00:00","author":{"@id":"https:\/\/www.mylifeineurope.nkey.it\/#\/schema\/person\/53160c96724498f32d0e48ed0068be35"},"breadcrumb":{"@id":"https:\/\/www.mylifeineurope.nkey.it\/ro\/prima-intalnire\/#breadcrumb"},"inLanguage":"ro-RO","potentialAction":[{"@type":"ReadAction","target":["https:\/\/www.mylifeineurope.nkey.it\/ro\/prima-intalnire\/"]}]},{"@type":"BreadcrumbList","@id":"https:\/\/www.mylifeineurope.nkey.it\/ro\/prima-intalnire\/#breadcrumb","itemListElement":[{"@type":"ListItem","position":1,"name":"Home","item":"https:\/\/www.mylifeineurope.nkey.it\/ro\/"},{"@type":"ListItem","position":2,"name":"PRIMA \u00ceNT\u00c2LNIRE"}]},{"@type":"Person","@id":"https:\/\/www.mylifeineurope.nkey.it\/#\/schema\/person\/53160c96724498f32d0e48ed0068be35","name":"AdminEU","image":{"@type":"ImageObject","inLanguage":"ro-RO","@id":"https:\/\/www.mylifeineurope.nkey.it\/#\/schema\/person\/image\/","url":"https:\/\/secure.gravatar.com\/avatar\/55a18232c4ed8b338949a13cc303654b?s=96&d=mm&r=g","contentUrl":"https:\/\/secure.gravatar.com\/avatar\/55a18232c4ed8b338949a13cc303654b?s=96&d=mm&r=g","caption":"AdminEU"},"url":"https:\/\/www.mylifeineurope.nkey.it\/ro\/author\/admineu\/"}]}},"_links":{"self":[{"href":"https:\/\/www.mylifeineurope.nkey.it\/ro\/wp-json\/wp\/v2\/posts\/3765"}],"collection":[{"href":"https:\/\/www.mylifeineurope.nkey.it\/ro\/wp-json\/wp\/v2\/posts"}],"about":[{"href":"https:\/\/www.mylifeineurope.nkey.it\/ro\/wp-json\/wp\/v2\/types\/post"}],"author":[{"embeddable":true,"href":"https:\/\/www.mylifeineurope.nkey.it\/ro\/wp-json\/wp\/v2\/users\/5"}],"replies":[{"embeddable":true,"href":"https:\/\/www.mylifeineurope.nkey.it\/ro\/wp-json\/wp\/v2\/comments?post=3765"}],"version-history":[{"count":2,"href":"https:\/\/www.mylifeineurope.nkey.it\/ro\/wp-json\/wp\/v2\/posts\/3765\/revisions"}],"predecessor-version":[{"id":3767,"href":"https:\/\/www.mylifeineurope.nkey.it\/ro\/wp-json\/wp\/v2\/posts\/3765\/revisions\/3767"}],"wp:featuredmedia":[{"embeddable":true,"href":"https:\/\/www.mylifeineurope.nkey.it\/ro\/wp-json\/wp\/v2\/media\/3700"}],"wp:attachment":[{"href":"https:\/\/www.mylifeineurope.nkey.it\/ro\/wp-json\/wp\/v2\/media?parent=3765"}],"wp:term":[{"taxonomy":"category","embeddable":true,"href":"https:\/\/www.mylifeineurope.nkey.it\/ro\/wp-json\/wp\/v2\/categories?post=3765"},{"taxonomy":"post_tag","embeddable":true,"href":"https:\/\/www.mylifeineurope.nkey.it\/ro\/wp-json\/wp\/v2\/tags?post=3765"}],"curies":[{"name":"wp","href":"https:\/\/api.w.org\/{rel}","templated":true}]}}