{"id":10299,"date":"2023-02-01T18:53:50","date_gmt":"2023-02-01T18:53:50","guid":{"rendered":"https:\/\/www.mylifeineurope.nkey.it\/?p=10299"},"modified":"2023-02-03T18:56:05","modified_gmt":"2023-02-03T18:56:05","slug":"evenimentele-multiplicatoare-ale-proiectului-mylife-continua-in-romania","status":"publish","type":"post","link":"https:\/\/www.mylifeineurope.nkey.it\/ro\/evenimentele-multiplicatoare-ale-proiectului-mylife-continua-in-romania\/","title":{"rendered":"Evenimentele multiplicatoare ale proiectului MyLIFE continu\u0103 \u00een Rom\u00e2nia"},"content":{"rendered":"<p>Asocia\u021bia Pro Xpert \u0219i Colegiul Tehnic de Po\u0219t\u0103 \u0219i Telecomunica\u021bii \u201dGheorghe Airinei\u201d v\u0103 invit\u0103 s\u00e2mb\u0103t\u0103, 4 februarie 2023, \u00eencep\u00e2nd cu ora 10.00 la evenimentul \u201dPovestea merge mai departe!\u201d care va avea loc la \u201dClubul European\u201d al Colegiului Tehnic de Po\u0219t\u0103 \u0219i Telecomunica\u021bii \u201dGheorghe Airinei\u201d din Bucure\u0219ti, sector 6, Strada Romancierilor nr. 1.<\/p>\n<p>Evenimentul vizeaz\u0103 diseminarea \u0219i multiplicarea rezultatelor unui proiect interna\u021bional \u2013 &#8222;My Life in Europe: a new Methodology to insert Your LIFE biography in the EUROPE context&#8221; (Via\u021ba mea \u00een Europa: o nou\u0103 metodologie de inserare a biografiei VIETII tale \u00een contextul EUROPEAN) &#8211;\u00a0 finan\u021bat de Uniunea European\u0103 prin programul Erasmus + componenta KA2 &#8211; parteneriate strategice pentru educa\u021bia adul\u021bilor (nr. contract 2020-1-IT02- KA204-079571)<\/p>\n<p>Proiectul a \u00eenceput la 1 octombrie 2020 \u0219i se va \u00eencheia la 31 martie 2023 \u0219i este coordonat de compania italian\u0103 NKey, \u00een parteneriat cu Funda\u021bia ASPHI Onlus \u0219i Libera Universit\u00e0 dell\u2019Autobiografia di Anghiari &#8211; Italia, Centrum Edukacji i Bada\u0144 Spo\u0142ecznych (CEBS) &#8211; Polonia, L\u2019Associa\u00e7\u00e3o Social Recreativa Cultural e Bem Fazer \u201cVai Avante\u201d &#8211; Portugalia \u0219i Asocia\u021bia Pro Xpert \u2013 Rom\u00e2nia.<\/p>\n<p>Evenimentul de s\u00e2mb\u0103t\u0103 are ca invitat special pe doamna Carla Sabatini &#8211; director programe \u00een cadrul companiei Nkey, al\u0103turi de reprezentan\u021bi de marc\u0103 ai unor institu\u021bii \u0219i organiza\u021bii relevante \u00een domeniul educa\u021biei continue, incluziunii persoanelor vulnerabile (\u00een special persoane \u00een v\u00e2rst\u0103 \u0219i persoane cu dizabilit\u0103\u021bi) \u0219i activismului civic: Parlamentul Rom\u00e2niei Guvernul Rom\u00e2niei, Prim\u0103ria Sector 6, organiza\u021bii non-guvernamentale active \u00een domeniile amintite, al\u0103turi de voluntari \u0219i unii dintre beneficiarii direc\u021bi ai proiectului.<\/p>\n<div class=\"clearfix\"><\/div>","protected":false},"excerpt":{"rendered":"<p>Asocia\u021bia Pro Xpert \u0219i Colegiul Tehnic de Po\u0219t\u0103 \u0219i Telecomunica\u021bii \u201dGheorghe Airinei\u201d v\u0103 invit\u0103 s\u00e2mb\u0103t\u0103, 4 februarie 2023, \u00eencep\u00e2nd cu ora 10.00 la evenimentul \u201dPovestea merge mai departe!\u201d care va avea loc la \u201dClubul European\u201d al Colegiului Tehnic de Po\u0219t\u0103 \u0219i Telecomunica\u021bii \u201dGheorghe Airinei\u201d din&#8230;<\/p>\n","protected":false},"author":9,"featured_media":10297,"comment_status":"closed","ping_status":"closed","sticky":false,"template":"","format":"standard","meta":[],"categories":[105],"tags":[],"acf":[],"yoast_head":"<!-- This site is optimized with the Yoast SEO plugin v18.7 - https:\/\/yoast.com\/wordpress\/plugins\/seo\/ -->\n<title>Evenimentele multiplicatoare ale proiectului MyLIFE continu\u0103 \u00een Rom\u00e2nia - MY LIFE in EUROPE<\/title>\n<meta name=\"robots\" content=\"index, follow, max-snippet:-1, max-image-preview:large, max-video-preview:-1\" \/>\n<link rel=\"canonical\" href=\"https:\/\/www.mylifeineurope.nkey.it\/ro\/evenimentele-multiplicatoare-ale-proiectului-mylife-continua-in-romania\/\" \/>\n<meta property=\"og:locale\" content=\"ro_RO\" \/>\n<meta property=\"og:type\" content=\"article\" \/>\n<meta property=\"og:title\" content=\"Evenimentele multiplicatoare ale proiectului MyLIFE continu\u0103 \u00een Rom\u00e2nia - MY LIFE in EUROPE\" \/>\n<meta property=\"og:description\" content=\"Asocia\u021bia Pro Xpert \u0219i Colegiul Tehnic de Po\u0219t\u0103 \u0219i Telecomunica\u021bii \u201dGheorghe Airinei\u201d v\u0103 invit\u0103 s\u00e2mb\u0103t\u0103, 4 februarie 2023, \u00eencep\u00e2nd cu ora 10.00 la evenimentul \u201dPovestea merge mai departe!\u201d care va avea loc la \u201dClubul European\u201d al Colegiului Tehnic de Po\u0219t\u0103 \u0219i Telecomunica\u021bii \u201dGheorghe Airinei\u201d din...\" \/>\n<meta property=\"og:url\" content=\"https:\/\/www.mylifeineurope.nkey.it\/ro\/evenimentele-multiplicatoare-ale-proiectului-mylife-continua-in-romania\/\" \/>\n<meta property=\"og:site_name\" content=\"MY LIFE in EUROPE\" \/>\n<meta property=\"article:published_time\" content=\"2023-02-01T18:53:50+00:00\" \/>\n<meta property=\"article:modified_time\" content=\"2023-02-03T18:56:05+00:00\" \/>\n<meta property=\"og:image\" content=\"https:\/\/www.mylifeineurope.nkey.it\/wp-content\/uploads\/2023\/02\/328493529_919732752379061_4063866393274264049_n.jpg\" \/>\n\t<meta property=\"og:image:width\" content=\"600\" \/>\n\t<meta property=\"og:image:height\" content=\"450\" \/>\n\t<meta property=\"og:image:type\" content=\"image\/jpeg\" \/>\n<meta name=\"twitter:card\" content=\"summary_large_image\" \/>\n<meta name=\"twitter:label1\" content=\"Scris de\" \/>\n\t<meta name=\"twitter:data1\" content=\"Maurizio Sani\" \/>\n\t<meta name=\"twitter:label2\" content=\"Timp estimat pentru citire\" \/>\n\t<meta name=\"twitter:data2\" content=\"1 minut\" \/>\n<script type=\"application\/ld+json\" class=\"yoast-schema-graph\">{\"@context\":\"https:\/\/schema.org\",\"@graph\":[{\"@type\":\"WebSite\",\"@id\":\"https:\/\/www.mylifeineurope.nkey.it\/#website\",\"url\":\"https:\/\/www.mylifeineurope.nkey.it\/\",\"name\":\"MY LIFE in EUROPE\",\"description\":\"a new Methodology to insert Your LIFE biography IN the EUROPE context\",\"potentialAction\":[{\"@type\":\"SearchAction\",\"target\":{\"@type\":\"EntryPoint\",\"urlTemplate\":\"https:\/\/www.mylifeineurope.nkey.it\/?s={search_term_string}\"},\"query-input\":\"required name=search_term_string\"}],\"inLanguage\":\"ro-RO\"},{\"@type\":\"ImageObject\",\"inLanguage\":\"ro-RO\",\"@id\":\"https:\/\/www.mylifeineurope.nkey.it\/ro\/evenimentele-multiplicatoare-ale-proiectului-mylife-continua-in-romania\/#primaryimage\",\"url\":\"https:\/\/www.mylifeineurope.nkey.it\/wp-content\/uploads\/2023\/02\/328493529_919732752379061_4063866393274264049_n.jpg\",\"contentUrl\":\"https:\/\/www.mylifeineurope.nkey.it\/wp-content\/uploads\/2023\/02\/328493529_919732752379061_4063866393274264049_n.jpg\",\"width\":600,\"height\":450},{\"@type\":\"WebPage\",\"@id\":\"https:\/\/www.mylifeineurope.nkey.it\/ro\/evenimentele-multiplicatoare-ale-proiectului-mylife-continua-in-romania\/#webpage\",\"url\":\"https:\/\/www.mylifeineurope.nkey.it\/ro\/evenimentele-multiplicatoare-ale-proiectului-mylife-continua-in-romania\/\",\"name\":\"Evenimentele multiplicatoare ale proiectului MyLIFE continu\u0103 \u00een Rom\u00e2nia - MY LIFE in EUROPE\",\"isPartOf\":{\"@id\":\"https:\/\/www.mylifeineurope.nkey.it\/#website\"},\"primaryImageOfPage\":{\"@id\":\"https:\/\/www.mylifeineurope.nkey.it\/ro\/evenimentele-multiplicatoare-ale-proiectului-mylife-continua-in-romania\/#primaryimage\"},\"datePublished\":\"2023-02-01T18:53:50+00:00\",\"dateModified\":\"2023-02-03T18:56:05+00:00\",\"author\":{\"@id\":\"https:\/\/www.mylifeineurope.nkey.it\/#\/schema\/person\/92ffef1cf4300a78af9eb58fec8e4d0b\"},\"breadcrumb\":{\"@id\":\"https:\/\/www.mylifeineurope.nkey.it\/ro\/evenimentele-multiplicatoare-ale-proiectului-mylife-continua-in-romania\/#breadcrumb\"},\"inLanguage\":\"ro-RO\",\"potentialAction\":[{\"@type\":\"ReadAction\",\"target\":[\"https:\/\/www.mylifeineurope.nkey.it\/ro\/evenimentele-multiplicatoare-ale-proiectului-mylife-continua-in-romania\/\"]}]},{\"@type\":\"BreadcrumbList\",\"@id\":\"https:\/\/www.mylifeineurope.nkey.it\/ro\/evenimentele-multiplicatoare-ale-proiectului-mylife-continua-in-romania\/#breadcrumb\",\"itemListElement\":[{\"@type\":\"ListItem\",\"position\":1,\"name\":\"Home\",\"item\":\"https:\/\/www.mylifeineurope.nkey.it\/ro\/\"},{\"@type\":\"ListItem\",\"position\":2,\"name\":\"Evenimentele multiplicatoare ale proiectului MyLIFE continu\u0103 \u00een Rom\u00e2nia\"}]},{\"@type\":\"Person\",\"@id\":\"https:\/\/www.mylifeineurope.nkey.it\/#\/schema\/person\/92ffef1cf4300a78af9eb58fec8e4d0b\",\"name\":\"Maurizio Sani\",\"image\":{\"@type\":\"ImageObject\",\"inLanguage\":\"ro-RO\",\"@id\":\"https:\/\/www.mylifeineurope.nkey.it\/#\/schema\/person\/image\/\",\"url\":\"https:\/\/secure.gravatar.com\/avatar\/8dd99ed9c3f70c9b9f094e4615ad9816?s=96&d=mm&r=g\",\"contentUrl\":\"https:\/\/secure.gravatar.com\/avatar\/8dd99ed9c3f70c9b9f094e4615ad9816?s=96&d=mm&r=g\",\"caption\":\"Maurizio Sani\"},\"url\":\"https:\/\/www.mylifeineurope.nkey.it\/ro\/author\/maurizio-sani\/\"}]}<\/script>\n<!-- \/ Yoast SEO plugin. -->","yoast_head_json":{"title":"Evenimentele multiplicatoare ale proiectului MyLIFE continu\u0103 \u00een Rom\u00e2nia - MY LIFE in EUROPE","robots":{"index":"index","follow":"follow","max-snippet":"max-snippet:-1","max-image-preview":"max-image-preview:large","max-video-preview":"max-video-preview:-1"},"canonical":"https:\/\/www.mylifeineurope.nkey.it\/ro\/evenimentele-multiplicatoare-ale-proiectului-mylife-continua-in-romania\/","og_locale":"ro_RO","og_type":"article","og_title":"Evenimentele multiplicatoare ale proiectului MyLIFE continu\u0103 \u00een Rom\u00e2nia - MY LIFE in EUROPE","og_description":"Asocia\u021bia Pro Xpert \u0219i Colegiul Tehnic de Po\u0219t\u0103 \u0219i Telecomunica\u021bii \u201dGheorghe Airinei\u201d v\u0103 invit\u0103 s\u00e2mb\u0103t\u0103, 4 februarie 2023, \u00eencep\u00e2nd cu ora 10.00 la evenimentul \u201dPovestea merge mai departe!\u201d care va avea loc la \u201dClubul European\u201d al Colegiului Tehnic de Po\u0219t\u0103 \u0219i Telecomunica\u021bii \u201dGheorghe Airinei\u201d din...","og_url":"https:\/\/www.mylifeineurope.nkey.it\/ro\/evenimentele-multiplicatoare-ale-proiectului-mylife-continua-in-romania\/","og_site_name":"MY LIFE in EUROPE","article_published_time":"2023-02-01T18:53:50+00:00","article_modified_time":"2023-02-03T18:56:05+00:00","og_image":[{"width":600,"height":450,"url":"https:\/\/www.mylifeineurope.nkey.it\/wp-content\/uploads\/2023\/02\/328493529_919732752379061_4063866393274264049_n.jpg","type":"image\/jpeg"}],"twitter_card":"summary_large_image","twitter_misc":{"Scris de":"Maurizio Sani","Timp estimat pentru citire":"1 minut"},"schema":{"@context":"https:\/\/schema.org","@graph":[{"@type":"WebSite","@id":"https:\/\/www.mylifeineurope.nkey.it\/#website","url":"https:\/\/www.mylifeineurope.nkey.it\/","name":"MY LIFE in EUROPE","description":"a new Methodology to insert Your LIFE biography IN the EUROPE context","potentialAction":[{"@type":"SearchAction","target":{"@type":"EntryPoint","urlTemplate":"https:\/\/www.mylifeineurope.nkey.it\/?s={search_term_string}"},"query-input":"required name=search_term_string"}],"inLanguage":"ro-RO"},{"@type":"ImageObject","inLanguage":"ro-RO","@id":"https:\/\/www.mylifeineurope.nkey.it\/ro\/evenimentele-multiplicatoare-ale-proiectului-mylife-continua-in-romania\/#primaryimage","url":"https:\/\/www.mylifeineurope.nkey.it\/wp-content\/uploads\/2023\/02\/328493529_919732752379061_4063866393274264049_n.jpg","contentUrl":"https:\/\/www.mylifeineurope.nkey.it\/wp-content\/uploads\/2023\/02\/328493529_919732752379061_4063866393274264049_n.jpg","width":600,"height":450},{"@type":"WebPage","@id":"https:\/\/www.mylifeineurope.nkey.it\/ro\/evenimentele-multiplicatoare-ale-proiectului-mylife-continua-in-romania\/#webpage","url":"https:\/\/www.mylifeineurope.nkey.it\/ro\/evenimentele-multiplicatoare-ale-proiectului-mylife-continua-in-romania\/","name":"Evenimentele multiplicatoare ale proiectului MyLIFE continu\u0103 \u00een Rom\u00e2nia - MY LIFE in EUROPE","isPartOf":{"@id":"https:\/\/www.mylifeineurope.nkey.it\/#website"},"primaryImageOfPage":{"@id":"https:\/\/www.mylifeineurope.nkey.it\/ro\/evenimentele-multiplicatoare-ale-proiectului-mylife-continua-in-romania\/#primaryimage"},"datePublished":"2023-02-01T18:53:50+00:00","dateModified":"2023-02-03T18:56:05+00:00","author":{"@id":"https:\/\/www.mylifeineurope.nkey.it\/#\/schema\/person\/92ffef1cf4300a78af9eb58fec8e4d0b"},"breadcrumb":{"@id":"https:\/\/www.mylifeineurope.nkey.it\/ro\/evenimentele-multiplicatoare-ale-proiectului-mylife-continua-in-romania\/#breadcrumb"},"inLanguage":"ro-RO","potentialAction":[{"@type":"ReadAction","target":["https:\/\/www.mylifeineurope.nkey.it\/ro\/evenimentele-multiplicatoare-ale-proiectului-mylife-continua-in-romania\/"]}]},{"@type":"BreadcrumbList","@id":"https:\/\/www.mylifeineurope.nkey.it\/ro\/evenimentele-multiplicatoare-ale-proiectului-mylife-continua-in-romania\/#breadcrumb","itemListElement":[{"@type":"ListItem","position":1,"name":"Home","item":"https:\/\/www.mylifeineurope.nkey.it\/ro\/"},{"@type":"ListItem","position":2,"name":"Evenimentele multiplicatoare ale proiectului MyLIFE continu\u0103 \u00een Rom\u00e2nia"}]},{"@type":"Person","@id":"https:\/\/www.mylifeineurope.nkey.it\/#\/schema\/person\/92ffef1cf4300a78af9eb58fec8e4d0b","name":"Maurizio Sani","image":{"@type":"ImageObject","inLanguage":"ro-RO","@id":"https:\/\/www.mylifeineurope.nkey.it\/#\/schema\/person\/image\/","url":"https:\/\/secure.gravatar.com\/avatar\/8dd99ed9c3f70c9b9f094e4615ad9816?s=96&d=mm&r=g","contentUrl":"https:\/\/secure.gravatar.com\/avatar\/8dd99ed9c3f70c9b9f094e4615ad9816?s=96&d=mm&r=g","caption":"Maurizio Sani"},"url":"https:\/\/www.mylifeineurope.nkey.it\/ro\/author\/maurizio-sani\/"}]}},"_links":{"self":[{"href":"https:\/\/www.mylifeineurope.nkey.it\/ro\/wp-json\/wp\/v2\/posts\/10299"}],"collection":[{"href":"https:\/\/www.mylifeineurope.nkey.it\/ro\/wp-json\/wp\/v2\/posts"}],"about":[{"href":"https:\/\/www.mylifeineurope.nkey.it\/ro\/wp-json\/wp\/v2\/types\/post"}],"author":[{"embeddable":true,"href":"https:\/\/www.mylifeineurope.nkey.it\/ro\/wp-json\/wp\/v2\/users\/9"}],"replies":[{"embeddable":true,"href":"https:\/\/www.mylifeineurope.nkey.it\/ro\/wp-json\/wp\/v2\/comments?post=10299"}],"version-history":[{"count":1,"href":"https:\/\/www.mylifeineurope.nkey.it\/ro\/wp-json\/wp\/v2\/posts\/10299\/revisions"}],"predecessor-version":[{"id":10300,"href":"https:\/\/www.mylifeineurope.nkey.it\/ro\/wp-json\/wp\/v2\/posts\/10299\/revisions\/10300"}],"wp:featuredmedia":[{"embeddable":true,"href":"https:\/\/www.mylifeineurope.nkey.it\/ro\/wp-json\/wp\/v2\/media\/10297"}],"wp:attachment":[{"href":"https:\/\/www.mylifeineurope.nkey.it\/ro\/wp-json\/wp\/v2\/media?parent=10299"}],"wp:term":[{"taxonomy":"category","embeddable":true,"href":"https:\/\/www.mylifeineurope.nkey.it\/ro\/wp-json\/wp\/v2\/categories?post=10299"},{"taxonomy":"post_tag","embeddable":true,"href":"https:\/\/www.mylifeineurope.nkey.it\/ro\/wp-json\/wp\/v2\/tags?post=10299"}],"curies":[{"name":"wp","href":"https:\/\/api.w.org\/{rel}","templated":true}]}}