{"id":3970,"date":"2021-07-09T10:09:48","date_gmt":"2021-07-09T10:09:48","guid":{"rendered":"https:\/\/mylifeineurope.nkey.it\/?p=3970"},"modified":"2021-12-16T10:17:01","modified_gmt":"2021-12-16T10:17:01","slug":"de-12-de-julho-a-primeira-etapa-do-my-life-na-romenia","status":"publish","type":"post","link":"https:\/\/www.mylifeineurope.nkey.it\/pt-pt\/de-12-de-julho-a-primeira-etapa-do-my-life-na-romenia\/","title":{"rendered":"DE 12 DE JULHO A PRIMEIRA ETAPA DO &#8220;MY LIFE&#8221; NA ROM\u00c9NIA"},"content":{"rendered":"<p>Tudo est\u00e1 agora pronto para a partida, na segunda-feira 12\/07, dos parceiros LUA Libera Universit\u00e0 dell&#8217;autobiografia di Anghiari e o Parceiro Principal Nkey Consulenza Informatica, que se deslocar\u00e3o \u00e0 Rom\u00e9nia para se encontrar com os outros parceiros do projecto MYLife in Europe.<\/p>\n<p>A Associa\u00e7\u00e3o Pro Xpert ser\u00e1 respons\u00e1vel pela organiza\u00e7\u00e3o do primeiro LTT e da primeira TPM nesta ocasi\u00e3o.<\/p>\n<p>Os parceiros Fondazione ASPHI Onlus, CEBS &#8211; Centro de Educa\u00e7\u00e3o e Investiga\u00e7\u00e3o Social e Associa\u00e7\u00e3o Vai Avante seguir\u00e3o as reuni\u00f5es virtualmente, devido \u00e0 dificuldade de organizar as viagens devido \u00e0 pandemia.<\/p>\n<p>O programa da semana prev\u00ea a realiza\u00e7\u00e3o de v\u00e1rias atividades que ver\u00e3o os parceiros envolvidos no teste de uma vers\u00e3o beta do jogo MYLIFE, a produ\u00e7\u00e3o intelectual prevista pelo projeto. Entre o pessoal da Nkey, Elena Ulivieri inform\u00e1tica e analista de dados, conhecida na \u00e1rea pela sua experi\u00eancia em comunica\u00e7\u00e3o, \u00e9 a nova entrada na equipa de desenvolvimento a quem foi confiada a etapa inicial de implementa\u00e7\u00e3o do jogo.<\/p>\n<p>Um dos aspetos mais excitantes desta viagem ser\u00e1 sem d\u00favida a reuni\u00e3o nos mesmos dias com os participantes num outro projeto Erasmus +: Hist\u00f3rias Autobiogr\u00e1ficas para Fomentar a Empregabilidade dos Jovens, um projeto do qual a Associa\u00e7\u00e3o de Emprego \u00e9 l\u00edder, e a Fondazione Toscana Sostenibile \u00e9 parceira.<\/p>\n<p>Gra\u00e7as \u00e0 estreita colabora\u00e7\u00e3o da representante romena Silvia Petre e Carla Sabatini da Nkey e \u00e0 presen\u00e7a no territ\u00f3rio dos seus respetivos pa\u00edses, nasceu a ideia deste encontro: os dois projetos t\u00eam como tema principal a promo\u00e7\u00e3o da autobiografia e os participantes viver\u00e3o juntos dois dias de forma\u00e7\u00e3o e amplificar\u00e3o mutuamente os efeitos da forma\u00e7\u00e3o.<\/p>\n<p>Para garantir que a experi\u00eancia seja construtiva e formativa para todos os parceiros est\u00e3o a trabalhar arduamente na organiza\u00e7\u00e3o de encontros preparat\u00f3rios para reformular as atividades de modo a envolver n\u00e3o s\u00f3 os parceiros MyLIFE mas tamb\u00e9m os outros 27 trabalhadores juvenis de 8 pa\u00edses diferentes do projeto KA1.<\/p>\n<p>Nkey, como parceiro principal do MY LIFE in Europe, pretende n\u00e3o deixar de realizar o projeto tal como foi planeado na fase de conce\u00e7\u00e3o, mas sim continuar constantemente a implement\u00e1-lo, experimentando plenamente as oportunidades oferecidas pelo programa Erasmusplus!<\/p>\n<div class=\"clearfix\"><\/div>","protected":false},"excerpt":{"rendered":"<p>Tudo est\u00e1 agora pronto para a partida, na segunda-feira 12\/07, dos parceiros LUA Libera Universit\u00e0 dell&#8217;autobiografia di Anghiari e o Parceiro Principal Nkey Consulenza Informatica, que se deslocar\u00e3o \u00e0 Rom\u00e9nia para se encontrar com os outros parceiros do projecto MYLife in Europe. A Associa\u00e7\u00e3o Pro&#8230;<\/p>\n","protected":false},"author":5,"featured_media":3643,"comment_status":"closed","ping_status":"closed","sticky":false,"template":"","format":"standard","meta":[],"categories":[112],"tags":[],"acf":[],"yoast_head":"<!-- This site is optimized with the Yoast SEO plugin v18.7 - https:\/\/yoast.com\/wordpress\/plugins\/seo\/ -->\n<title>DE 12 DE JULHO A PRIMEIRA ETAPA DO &quot;MY LIFE&quot; NA ROM\u00c9NIA - MY LIFE in EUROPE<\/title>\n<meta name=\"robots\" content=\"index, follow, max-snippet:-1, max-image-preview:large, max-video-preview:-1\" \/>\n<link rel=\"canonical\" href=\"https:\/\/www.mylifeineurope.nkey.it\/pt-pt\/de-12-de-julho-a-primeira-etapa-do-my-life-na-romenia\/\" \/>\n<meta property=\"og:locale\" content=\"pt_PT\" \/>\n<meta property=\"og:type\" content=\"article\" \/>\n<meta property=\"og:title\" content=\"DE 12 DE JULHO A PRIMEIRA ETAPA DO &quot;MY LIFE&quot; NA ROM\u00c9NIA - MY LIFE in EUROPE\" \/>\n<meta property=\"og:description\" content=\"Tudo est\u00e1 agora pronto para a partida, na segunda-feira 12\/07, dos parceiros LUA Libera Universit\u00e0 dell&#8217;autobiografia di Anghiari e o Parceiro Principal Nkey Consulenza Informatica, que se deslocar\u00e3o \u00e0 Rom\u00e9nia para se encontrar com os outros parceiros do projecto MYLife in Europe. A Associa\u00e7\u00e3o Pro...\" \/>\n<meta property=\"og:url\" content=\"https:\/\/www.mylifeineurope.nkey.it\/pt-pt\/de-12-de-julho-a-primeira-etapa-do-my-life-na-romenia\/\" \/>\n<meta property=\"og:site_name\" content=\"MY LIFE in EUROPE\" \/>\n<meta property=\"article:published_time\" content=\"2021-07-09T10:09:48+00:00\" \/>\n<meta property=\"article:modified_time\" content=\"2021-12-16T10:17:01+00:00\" \/>\n<meta property=\"og:image\" content=\"https:\/\/www.mylifeineurope.nkey.it\/wp-content\/uploads\/2021\/07\/WhatsApp-Image-2021-07-01-at-19.25.23.jpeg\" \/>\n\t<meta property=\"og:image:width\" content=\"1600\" \/>\n\t<meta property=\"og:image:height\" content=\"940\" \/>\n\t<meta property=\"og:image:type\" content=\"image\/jpeg\" \/>\n<meta name=\"twitter:card\" content=\"summary_large_image\" \/>\n<meta name=\"twitter:label1\" content=\"Escrito por\" \/>\n\t<meta name=\"twitter:data1\" content=\"AdminEU\" \/>\n\t<meta name=\"twitter:label2\" content=\"Tempo estimado de leitura\" \/>\n\t<meta name=\"twitter:data2\" content=\"2 minutos\" \/>\n<script type=\"application\/ld+json\" class=\"yoast-schema-graph\">{\"@context\":\"https:\/\/schema.org\",\"@graph\":[{\"@type\":\"WebSite\",\"@id\":\"https:\/\/www.mylifeineurope.nkey.it\/#website\",\"url\":\"https:\/\/www.mylifeineurope.nkey.it\/\",\"name\":\"MY LIFE in EUROPE\",\"description\":\"a new Methodology to insert Your LIFE biography IN the EUROPE context\",\"potentialAction\":[{\"@type\":\"SearchAction\",\"target\":{\"@type\":\"EntryPoint\",\"urlTemplate\":\"https:\/\/www.mylifeineurope.nkey.it\/?s={search_term_string}\"},\"query-input\":\"required name=search_term_string\"}],\"inLanguage\":\"pt-PT\"},{\"@type\":\"ImageObject\",\"inLanguage\":\"pt-PT\",\"@id\":\"https:\/\/www.mylifeineurope.nkey.it\/pt-pt\/de-12-de-julho-a-primeira-etapa-do-my-life-na-romenia\/#primaryimage\",\"url\":\"https:\/\/www.mylifeineurope.nkey.it\/wp-content\/uploads\/2021\/07\/WhatsApp-Image-2021-07-01-at-19.25.23.jpeg\",\"contentUrl\":\"https:\/\/www.mylifeineurope.nkey.it\/wp-content\/uploads\/2021\/07\/WhatsApp-Image-2021-07-01-at-19.25.23.jpeg\",\"width\":1600,\"height\":940},{\"@type\":\"WebPage\",\"@id\":\"https:\/\/www.mylifeineurope.nkey.it\/pt-pt\/de-12-de-julho-a-primeira-etapa-do-my-life-na-romenia\/#webpage\",\"url\":\"https:\/\/www.mylifeineurope.nkey.it\/pt-pt\/de-12-de-julho-a-primeira-etapa-do-my-life-na-romenia\/\",\"name\":\"DE 12 DE JULHO A PRIMEIRA ETAPA DO \\\"MY LIFE\\\" NA ROM\u00c9NIA - MY LIFE in EUROPE\",\"isPartOf\":{\"@id\":\"https:\/\/www.mylifeineurope.nkey.it\/#website\"},\"primaryImageOfPage\":{\"@id\":\"https:\/\/www.mylifeineurope.nkey.it\/pt-pt\/de-12-de-julho-a-primeira-etapa-do-my-life-na-romenia\/#primaryimage\"},\"datePublished\":\"2021-07-09T10:09:48+00:00\",\"dateModified\":\"2021-12-16T10:17:01+00:00\",\"author\":{\"@id\":\"https:\/\/www.mylifeineurope.nkey.it\/#\/schema\/person\/53160c96724498f32d0e48ed0068be35\"},\"breadcrumb\":{\"@id\":\"https:\/\/www.mylifeineurope.nkey.it\/pt-pt\/de-12-de-julho-a-primeira-etapa-do-my-life-na-romenia\/#breadcrumb\"},\"inLanguage\":\"pt-PT\",\"potentialAction\":[{\"@type\":\"ReadAction\",\"target\":[\"https:\/\/www.mylifeineurope.nkey.it\/pt-pt\/de-12-de-julho-a-primeira-etapa-do-my-life-na-romenia\/\"]}]},{\"@type\":\"BreadcrumbList\",\"@id\":\"https:\/\/www.mylifeineurope.nkey.it\/pt-pt\/de-12-de-julho-a-primeira-etapa-do-my-life-na-romenia\/#breadcrumb\",\"itemListElement\":[{\"@type\":\"ListItem\",\"position\":1,\"name\":\"Home\",\"item\":\"https:\/\/www.mylifeineurope.nkey.it\/pt-pt\/\"},{\"@type\":\"ListItem\",\"position\":2,\"name\":\"DE 12 DE JULHO A PRIMEIRA ETAPA DO &#8220;MY LIFE&#8221; NA ROM\u00c9NIA\"}]},{\"@type\":\"Person\",\"@id\":\"https:\/\/www.mylifeineurope.nkey.it\/#\/schema\/person\/53160c96724498f32d0e48ed0068be35\",\"name\":\"AdminEU\",\"image\":{\"@type\":\"ImageObject\",\"inLanguage\":\"pt-PT\",\"@id\":\"https:\/\/www.mylifeineurope.nkey.it\/#\/schema\/person\/image\/\",\"url\":\"https:\/\/secure.gravatar.com\/avatar\/55a18232c4ed8b338949a13cc303654b?s=96&d=mm&r=g\",\"contentUrl\":\"https:\/\/secure.gravatar.com\/avatar\/55a18232c4ed8b338949a13cc303654b?s=96&d=mm&r=g\",\"caption\":\"AdminEU\"},\"url\":\"https:\/\/www.mylifeineurope.nkey.it\/pt-pt\/author\/admineu\/\"}]}<\/script>\n<!-- \/ Yoast SEO plugin. -->","yoast_head_json":{"title":"DE 12 DE JULHO A PRIMEIRA ETAPA DO \"MY LIFE\" NA ROM\u00c9NIA - MY LIFE in EUROPE","robots":{"index":"index","follow":"follow","max-snippet":"max-snippet:-1","max-image-preview":"max-image-preview:large","max-video-preview":"max-video-preview:-1"},"canonical":"https:\/\/www.mylifeineurope.nkey.it\/pt-pt\/de-12-de-julho-a-primeira-etapa-do-my-life-na-romenia\/","og_locale":"pt_PT","og_type":"article","og_title":"DE 12 DE JULHO A PRIMEIRA ETAPA DO \"MY LIFE\" NA ROM\u00c9NIA - MY LIFE in EUROPE","og_description":"Tudo est\u00e1 agora pronto para a partida, na segunda-feira 12\/07, dos parceiros LUA Libera Universit\u00e0 dell&#8217;autobiografia di Anghiari e o Parceiro Principal Nkey Consulenza Informatica, que se deslocar\u00e3o \u00e0 Rom\u00e9nia para se encontrar com os outros parceiros do projecto MYLife in Europe. A Associa\u00e7\u00e3o Pro...","og_url":"https:\/\/www.mylifeineurope.nkey.it\/pt-pt\/de-12-de-julho-a-primeira-etapa-do-my-life-na-romenia\/","og_site_name":"MY LIFE in EUROPE","article_published_time":"2021-07-09T10:09:48+00:00","article_modified_time":"2021-12-16T10:17:01+00:00","og_image":[{"width":1600,"height":940,"url":"https:\/\/www.mylifeineurope.nkey.it\/wp-content\/uploads\/2021\/07\/WhatsApp-Image-2021-07-01-at-19.25.23.jpeg","type":"image\/jpeg"}],"twitter_card":"summary_large_image","twitter_misc":{"Escrito por":"AdminEU","Tempo estimado de leitura":"2 minutos"},"schema":{"@context":"https:\/\/schema.org","@graph":[{"@type":"WebSite","@id":"https:\/\/www.mylifeineurope.nkey.it\/#website","url":"https:\/\/www.mylifeineurope.nkey.it\/","name":"MY LIFE in EUROPE","description":"a new Methodology to insert Your LIFE biography IN the EUROPE context","potentialAction":[{"@type":"SearchAction","target":{"@type":"EntryPoint","urlTemplate":"https:\/\/www.mylifeineurope.nkey.it\/?s={search_term_string}"},"query-input":"required name=search_term_string"}],"inLanguage":"pt-PT"},{"@type":"ImageObject","inLanguage":"pt-PT","@id":"https:\/\/www.mylifeineurope.nkey.it\/pt-pt\/de-12-de-julho-a-primeira-etapa-do-my-life-na-romenia\/#primaryimage","url":"https:\/\/www.mylifeineurope.nkey.it\/wp-content\/uploads\/2021\/07\/WhatsApp-Image-2021-07-01-at-19.25.23.jpeg","contentUrl":"https:\/\/www.mylifeineurope.nkey.it\/wp-content\/uploads\/2021\/07\/WhatsApp-Image-2021-07-01-at-19.25.23.jpeg","width":1600,"height":940},{"@type":"WebPage","@id":"https:\/\/www.mylifeineurope.nkey.it\/pt-pt\/de-12-de-julho-a-primeira-etapa-do-my-life-na-romenia\/#webpage","url":"https:\/\/www.mylifeineurope.nkey.it\/pt-pt\/de-12-de-julho-a-primeira-etapa-do-my-life-na-romenia\/","name":"DE 12 DE JULHO A PRIMEIRA ETAPA DO \"MY LIFE\" NA ROM\u00c9NIA - MY LIFE in EUROPE","isPartOf":{"@id":"https:\/\/www.mylifeineurope.nkey.it\/#website"},"primaryImageOfPage":{"@id":"https:\/\/www.mylifeineurope.nkey.it\/pt-pt\/de-12-de-julho-a-primeira-etapa-do-my-life-na-romenia\/#primaryimage"},"datePublished":"2021-07-09T10:09:48+00:00","dateModified":"2021-12-16T10:17:01+00:00","author":{"@id":"https:\/\/www.mylifeineurope.nkey.it\/#\/schema\/person\/53160c96724498f32d0e48ed0068be35"},"breadcrumb":{"@id":"https:\/\/www.mylifeineurope.nkey.it\/pt-pt\/de-12-de-julho-a-primeira-etapa-do-my-life-na-romenia\/#breadcrumb"},"inLanguage":"pt-PT","potentialAction":[{"@type":"ReadAction","target":["https:\/\/www.mylifeineurope.nkey.it\/pt-pt\/de-12-de-julho-a-primeira-etapa-do-my-life-na-romenia\/"]}]},{"@type":"BreadcrumbList","@id":"https:\/\/www.mylifeineurope.nkey.it\/pt-pt\/de-12-de-julho-a-primeira-etapa-do-my-life-na-romenia\/#breadcrumb","itemListElement":[{"@type":"ListItem","position":1,"name":"Home","item":"https:\/\/www.mylifeineurope.nkey.it\/pt-pt\/"},{"@type":"ListItem","position":2,"name":"DE 12 DE JULHO A PRIMEIRA ETAPA DO &#8220;MY LIFE&#8221; NA ROM\u00c9NIA"}]},{"@type":"Person","@id":"https:\/\/www.mylifeineurope.nkey.it\/#\/schema\/person\/53160c96724498f32d0e48ed0068be35","name":"AdminEU","image":{"@type":"ImageObject","inLanguage":"pt-PT","@id":"https:\/\/www.mylifeineurope.nkey.it\/#\/schema\/person\/image\/","url":"https:\/\/secure.gravatar.com\/avatar\/55a18232c4ed8b338949a13cc303654b?s=96&d=mm&r=g","contentUrl":"https:\/\/secure.gravatar.com\/avatar\/55a18232c4ed8b338949a13cc303654b?s=96&d=mm&r=g","caption":"AdminEU"},"url":"https:\/\/www.mylifeineurope.nkey.it\/pt-pt\/author\/admineu\/"}]}},"_links":{"self":[{"href":"https:\/\/www.mylifeineurope.nkey.it\/pt-pt\/wp-json\/wp\/v2\/posts\/3970"}],"collection":[{"href":"https:\/\/www.mylifeineurope.nkey.it\/pt-pt\/wp-json\/wp\/v2\/posts"}],"about":[{"href":"https:\/\/www.mylifeineurope.nkey.it\/pt-pt\/wp-json\/wp\/v2\/types\/post"}],"author":[{"embeddable":true,"href":"https:\/\/www.mylifeineurope.nkey.it\/pt-pt\/wp-json\/wp\/v2\/users\/5"}],"replies":[{"embeddable":true,"href":"https:\/\/www.mylifeineurope.nkey.it\/pt-pt\/wp-json\/wp\/v2\/comments?post=3970"}],"version-history":[{"count":1,"href":"https:\/\/www.mylifeineurope.nkey.it\/pt-pt\/wp-json\/wp\/v2\/posts\/3970\/revisions"}],"predecessor-version":[{"id":3972,"href":"https:\/\/www.mylifeineurope.nkey.it\/pt-pt\/wp-json\/wp\/v2\/posts\/3970\/revisions\/3972"}],"wp:featuredmedia":[{"embeddable":true,"href":"https:\/\/www.mylifeineurope.nkey.it\/pt-pt\/wp-json\/wp\/v2\/media\/3643"}],"wp:attachment":[{"href":"https:\/\/www.mylifeineurope.nkey.it\/pt-pt\/wp-json\/wp\/v2\/media?parent=3970"}],"wp:term":[{"taxonomy":"category","embeddable":true,"href":"https:\/\/www.mylifeineurope.nkey.it\/pt-pt\/wp-json\/wp\/v2\/categories?post=3970"},{"taxonomy":"post_tag","embeddable":true,"href":"https:\/\/www.mylifeineurope.nkey.it\/pt-pt\/wp-json\/wp\/v2\/tags?post=3970"}],"curies":[{"name":"wp","href":"https:\/\/api.w.org\/{rel}","templated":true}]}}