{"id":3963,"date":"2021-09-03T10:04:11","date_gmt":"2021-09-03T10:04:11","guid":{"rendered":"https:\/\/mylifeineurope.nkey.it\/?p=3963"},"modified":"2021-12-16T10:18:18","modified_gmt":"2021-12-16T10:18:18","slug":"o-festival-da-autobiografia","status":"publish","type":"post","link":"https:\/\/www.mylifeineurope.nkey.it\/pt-pt\/o-festival-da-autobiografia\/","title":{"rendered":"O FESTIVAL DA AUTOBIOGRAFIA"},"content":{"rendered":"<p>O Festival da Autobiografia come\u00e7ou a 27\/08\/2021 no jardim de Villa Gennaioli, no cen\u00e1rio m\u00e1gico da vila medieval de Anghiari.<\/p>\n<p>Carla Sabatini e Grazia Chiarini foram convidadas a apresentar o Projeto Europeu &#8220;MY LIFE&#8221; no espa\u00e7o dedicado aos representantes territoriais &#8220;A caminho da LUA: projetos, ideias, perspetivas&#8221; na presen\u00e7a do Prof. Duccio Demetrio e Annamaria Pedretti, coordenadora dos contactos territoriais. na Europa e, sobretudo, a experi\u00eancia autobiogr\u00e1fica na Rom\u00e9nia, onde os participantes de dois Projetos se encontraram: My Life (12-16 de Julho de 2021) e Autobiographical Stories for Fostering Youth&#8217;s Employability (ASFY) (11-18 de Julho de 2021).<\/p>\n<p>&nbsp;<\/p>\n<p>&nbsp;<\/p>\n<p>No pouco tempo dispon\u00edvel, Carla e Grazia tentaram transmitir as emo\u00e7\u00f5es, reflex\u00f5es, partilhas e perspetivas que surgiram nesses dias intensos passados com os 30 participantes em Ramnicu e Sibiu, na sua maioria jovens de 18 a 30 anos da Turquia, Gr\u00e9cia, It\u00e1lia, Litu\u00e2nia, Malta, Espanha e Rom\u00e9nia, que jogaram o jogo MY LIFE em duas vers\u00f5es, online e em papel. Numerosas mem\u00f3rias e desenhos surgiram a partir das v\u00e1rias solicita\u00e7\u00f5es das cartas do jogo.<\/p>\n<p>As reflex\u00f5es sobre o mapa da Europa com que o discurso terminou s\u00e3o sugestivas: Pensando na Europa, estamos a construir pontes; precisamos de pontes, n\u00e3o de paredes; As pontes lembram-me as liga\u00e7\u00f5es entre as pessoas e penso que cada um de n\u00f3s deveria tentar construir o maior n\u00famero poss\u00edvel. Estas reflex\u00f5es tocam o cora\u00e7\u00e3o, especialmente no per\u00edodo que estamos a viver.<\/p>\n<p>&nbsp;<\/p>\n<div class=\"clearfix\"><\/div>","protected":false},"excerpt":{"rendered":"<p>O Festival da Autobiografia come\u00e7ou a 27\/08\/2021 no jardim de Villa Gennaioli, no cen\u00e1rio m\u00e1gico da vila medieval de Anghiari. Carla Sabatini e Grazia Chiarini foram convidadas a apresentar o Projeto Europeu &#8220;MY LIFE&#8221; no espa\u00e7o dedicado aos representantes territoriais &#8220;A caminho da LUA: projetos,&#8230;<\/p>\n","protected":false},"author":5,"featured_media":3821,"comment_status":"closed","ping_status":"closed","sticky":false,"template":"","format":"standard","meta":[],"categories":[88],"tags":[],"acf":[],"yoast_head":"<!-- This site is optimized with the Yoast SEO plugin v18.7 - https:\/\/yoast.com\/wordpress\/plugins\/seo\/ -->\n<title>O FESTIVAL DA AUTOBIOGRAFIA - MY LIFE in EUROPE<\/title>\n<meta name=\"robots\" content=\"index, follow, max-snippet:-1, max-image-preview:large, max-video-preview:-1\" \/>\n<link rel=\"canonical\" href=\"https:\/\/www.mylifeineurope.nkey.it\/pt-pt\/o-festival-da-autobiografia\/\" \/>\n<meta property=\"og:locale\" content=\"pt_PT\" \/>\n<meta property=\"og:type\" content=\"article\" \/>\n<meta property=\"og:title\" content=\"O FESTIVAL DA AUTOBIOGRAFIA - MY LIFE in EUROPE\" \/>\n<meta property=\"og:description\" content=\"O Festival da Autobiografia come\u00e7ou a 27\/08\/2021 no jardim de Villa Gennaioli, no cen\u00e1rio m\u00e1gico da vila medieval de Anghiari. Carla Sabatini e Grazia Chiarini foram convidadas a apresentar o Projeto Europeu &#8220;MY LIFE&#8221; no espa\u00e7o dedicado aos representantes territoriais &#8220;A caminho da LUA: projetos,...\" \/>\n<meta property=\"og:url\" content=\"https:\/\/www.mylifeineurope.nkey.it\/pt-pt\/o-festival-da-autobiografia\/\" \/>\n<meta property=\"og:site_name\" content=\"MY LIFE in EUROPE\" \/>\n<meta property=\"article:published_time\" content=\"2021-09-03T10:04:11+00:00\" \/>\n<meta property=\"article:modified_time\" content=\"2021-12-16T10:18:18+00:00\" \/>\n<meta property=\"og:image\" content=\"https:\/\/www.mylifeineurope.nkey.it\/wp-content\/uploads\/2021\/09\/WhatsApp-Image-2021-08-31-at-09.39.23.jpeg\" \/>\n\t<meta property=\"og:image:width\" content=\"1600\" \/>\n\t<meta property=\"og:image:height\" content=\"1200\" \/>\n\t<meta property=\"og:image:type\" content=\"image\/jpeg\" \/>\n<meta name=\"twitter:card\" content=\"summary_large_image\" \/>\n<meta name=\"twitter:label1\" content=\"Escrito por\" \/>\n\t<meta name=\"twitter:data1\" content=\"AdminEU\" \/>\n\t<meta name=\"twitter:label2\" content=\"Tempo estimado de leitura\" \/>\n\t<meta name=\"twitter:data2\" content=\"2 minutos\" \/>\n<script type=\"application\/ld+json\" class=\"yoast-schema-graph\">{\"@context\":\"https:\/\/schema.org\",\"@graph\":[{\"@type\":\"WebSite\",\"@id\":\"https:\/\/www.mylifeineurope.nkey.it\/#website\",\"url\":\"https:\/\/www.mylifeineurope.nkey.it\/\",\"name\":\"MY LIFE in EUROPE\",\"description\":\"a new Methodology to insert Your LIFE biography IN the EUROPE context\",\"potentialAction\":[{\"@type\":\"SearchAction\",\"target\":{\"@type\":\"EntryPoint\",\"urlTemplate\":\"https:\/\/www.mylifeineurope.nkey.it\/?s={search_term_string}\"},\"query-input\":\"required name=search_term_string\"}],\"inLanguage\":\"pt-PT\"},{\"@type\":\"ImageObject\",\"inLanguage\":\"pt-PT\",\"@id\":\"https:\/\/www.mylifeineurope.nkey.it\/pt-pt\/o-festival-da-autobiografia\/#primaryimage\",\"url\":\"https:\/\/www.mylifeineurope.nkey.it\/wp-content\/uploads\/2021\/09\/WhatsApp-Image-2021-08-31-at-09.39.23.jpeg\",\"contentUrl\":\"https:\/\/www.mylifeineurope.nkey.it\/wp-content\/uploads\/2021\/09\/WhatsApp-Image-2021-08-31-at-09.39.23.jpeg\",\"width\":1600,\"height\":1200},{\"@type\":\"WebPage\",\"@id\":\"https:\/\/www.mylifeineurope.nkey.it\/pt-pt\/o-festival-da-autobiografia\/#webpage\",\"url\":\"https:\/\/www.mylifeineurope.nkey.it\/pt-pt\/o-festival-da-autobiografia\/\",\"name\":\"O FESTIVAL DA AUTOBIOGRAFIA - MY LIFE in EUROPE\",\"isPartOf\":{\"@id\":\"https:\/\/www.mylifeineurope.nkey.it\/#website\"},\"primaryImageOfPage\":{\"@id\":\"https:\/\/www.mylifeineurope.nkey.it\/pt-pt\/o-festival-da-autobiografia\/#primaryimage\"},\"datePublished\":\"2021-09-03T10:04:11+00:00\",\"dateModified\":\"2021-12-16T10:18:18+00:00\",\"author\":{\"@id\":\"https:\/\/www.mylifeineurope.nkey.it\/#\/schema\/person\/53160c96724498f32d0e48ed0068be35\"},\"breadcrumb\":{\"@id\":\"https:\/\/www.mylifeineurope.nkey.it\/pt-pt\/o-festival-da-autobiografia\/#breadcrumb\"},\"inLanguage\":\"pt-PT\",\"potentialAction\":[{\"@type\":\"ReadAction\",\"target\":[\"https:\/\/www.mylifeineurope.nkey.it\/pt-pt\/o-festival-da-autobiografia\/\"]}]},{\"@type\":\"BreadcrumbList\",\"@id\":\"https:\/\/www.mylifeineurope.nkey.it\/pt-pt\/o-festival-da-autobiografia\/#breadcrumb\",\"itemListElement\":[{\"@type\":\"ListItem\",\"position\":1,\"name\":\"Home\",\"item\":\"https:\/\/www.mylifeineurope.nkey.it\/pt-pt\/\"},{\"@type\":\"ListItem\",\"position\":2,\"name\":\"O FESTIVAL DA AUTOBIOGRAFIA\"}]},{\"@type\":\"Person\",\"@id\":\"https:\/\/www.mylifeineurope.nkey.it\/#\/schema\/person\/53160c96724498f32d0e48ed0068be35\",\"name\":\"AdminEU\",\"image\":{\"@type\":\"ImageObject\",\"inLanguage\":\"pt-PT\",\"@id\":\"https:\/\/www.mylifeineurope.nkey.it\/#\/schema\/person\/image\/\",\"url\":\"https:\/\/secure.gravatar.com\/avatar\/55a18232c4ed8b338949a13cc303654b?s=96&d=mm&r=g\",\"contentUrl\":\"https:\/\/secure.gravatar.com\/avatar\/55a18232c4ed8b338949a13cc303654b?s=96&d=mm&r=g\",\"caption\":\"AdminEU\"},\"url\":\"https:\/\/www.mylifeineurope.nkey.it\/pt-pt\/author\/admineu\/\"}]}<\/script>\n<!-- \/ Yoast SEO plugin. -->","yoast_head_json":{"title":"O FESTIVAL DA AUTOBIOGRAFIA - MY LIFE in EUROPE","robots":{"index":"index","follow":"follow","max-snippet":"max-snippet:-1","max-image-preview":"max-image-preview:large","max-video-preview":"max-video-preview:-1"},"canonical":"https:\/\/www.mylifeineurope.nkey.it\/pt-pt\/o-festival-da-autobiografia\/","og_locale":"pt_PT","og_type":"article","og_title":"O FESTIVAL DA AUTOBIOGRAFIA - MY LIFE in EUROPE","og_description":"O Festival da Autobiografia come\u00e7ou a 27\/08\/2021 no jardim de Villa Gennaioli, no cen\u00e1rio m\u00e1gico da vila medieval de Anghiari. Carla Sabatini e Grazia Chiarini foram convidadas a apresentar o Projeto Europeu &#8220;MY LIFE&#8221; no espa\u00e7o dedicado aos representantes territoriais &#8220;A caminho da LUA: projetos,...","og_url":"https:\/\/www.mylifeineurope.nkey.it\/pt-pt\/o-festival-da-autobiografia\/","og_site_name":"MY LIFE in EUROPE","article_published_time":"2021-09-03T10:04:11+00:00","article_modified_time":"2021-12-16T10:18:18+00:00","og_image":[{"width":1600,"height":1200,"url":"https:\/\/www.mylifeineurope.nkey.it\/wp-content\/uploads\/2021\/09\/WhatsApp-Image-2021-08-31-at-09.39.23.jpeg","type":"image\/jpeg"}],"twitter_card":"summary_large_image","twitter_misc":{"Escrito por":"AdminEU","Tempo estimado de leitura":"2 minutos"},"schema":{"@context":"https:\/\/schema.org","@graph":[{"@type":"WebSite","@id":"https:\/\/www.mylifeineurope.nkey.it\/#website","url":"https:\/\/www.mylifeineurope.nkey.it\/","name":"MY LIFE in EUROPE","description":"a new Methodology to insert Your LIFE biography IN the EUROPE context","potentialAction":[{"@type":"SearchAction","target":{"@type":"EntryPoint","urlTemplate":"https:\/\/www.mylifeineurope.nkey.it\/?s={search_term_string}"},"query-input":"required name=search_term_string"}],"inLanguage":"pt-PT"},{"@type":"ImageObject","inLanguage":"pt-PT","@id":"https:\/\/www.mylifeineurope.nkey.it\/pt-pt\/o-festival-da-autobiografia\/#primaryimage","url":"https:\/\/www.mylifeineurope.nkey.it\/wp-content\/uploads\/2021\/09\/WhatsApp-Image-2021-08-31-at-09.39.23.jpeg","contentUrl":"https:\/\/www.mylifeineurope.nkey.it\/wp-content\/uploads\/2021\/09\/WhatsApp-Image-2021-08-31-at-09.39.23.jpeg","width":1600,"height":1200},{"@type":"WebPage","@id":"https:\/\/www.mylifeineurope.nkey.it\/pt-pt\/o-festival-da-autobiografia\/#webpage","url":"https:\/\/www.mylifeineurope.nkey.it\/pt-pt\/o-festival-da-autobiografia\/","name":"O FESTIVAL DA AUTOBIOGRAFIA - MY LIFE in EUROPE","isPartOf":{"@id":"https:\/\/www.mylifeineurope.nkey.it\/#website"},"primaryImageOfPage":{"@id":"https:\/\/www.mylifeineurope.nkey.it\/pt-pt\/o-festival-da-autobiografia\/#primaryimage"},"datePublished":"2021-09-03T10:04:11+00:00","dateModified":"2021-12-16T10:18:18+00:00","author":{"@id":"https:\/\/www.mylifeineurope.nkey.it\/#\/schema\/person\/53160c96724498f32d0e48ed0068be35"},"breadcrumb":{"@id":"https:\/\/www.mylifeineurope.nkey.it\/pt-pt\/o-festival-da-autobiografia\/#breadcrumb"},"inLanguage":"pt-PT","potentialAction":[{"@type":"ReadAction","target":["https:\/\/www.mylifeineurope.nkey.it\/pt-pt\/o-festival-da-autobiografia\/"]}]},{"@type":"BreadcrumbList","@id":"https:\/\/www.mylifeineurope.nkey.it\/pt-pt\/o-festival-da-autobiografia\/#breadcrumb","itemListElement":[{"@type":"ListItem","position":1,"name":"Home","item":"https:\/\/www.mylifeineurope.nkey.it\/pt-pt\/"},{"@type":"ListItem","position":2,"name":"O FESTIVAL DA AUTOBIOGRAFIA"}]},{"@type":"Person","@id":"https:\/\/www.mylifeineurope.nkey.it\/#\/schema\/person\/53160c96724498f32d0e48ed0068be35","name":"AdminEU","image":{"@type":"ImageObject","inLanguage":"pt-PT","@id":"https:\/\/www.mylifeineurope.nkey.it\/#\/schema\/person\/image\/","url":"https:\/\/secure.gravatar.com\/avatar\/55a18232c4ed8b338949a13cc303654b?s=96&d=mm&r=g","contentUrl":"https:\/\/secure.gravatar.com\/avatar\/55a18232c4ed8b338949a13cc303654b?s=96&d=mm&r=g","caption":"AdminEU"},"url":"https:\/\/www.mylifeineurope.nkey.it\/pt-pt\/author\/admineu\/"}]}},"_links":{"self":[{"href":"https:\/\/www.mylifeineurope.nkey.it\/pt-pt\/wp-json\/wp\/v2\/posts\/3963"}],"collection":[{"href":"https:\/\/www.mylifeineurope.nkey.it\/pt-pt\/wp-json\/wp\/v2\/posts"}],"about":[{"href":"https:\/\/www.mylifeineurope.nkey.it\/pt-pt\/wp-json\/wp\/v2\/types\/post"}],"author":[{"embeddable":true,"href":"https:\/\/www.mylifeineurope.nkey.it\/pt-pt\/wp-json\/wp\/v2\/users\/5"}],"replies":[{"embeddable":true,"href":"https:\/\/www.mylifeineurope.nkey.it\/pt-pt\/wp-json\/wp\/v2\/comments?post=3963"}],"version-history":[{"count":1,"href":"https:\/\/www.mylifeineurope.nkey.it\/pt-pt\/wp-json\/wp\/v2\/posts\/3963\/revisions"}],"predecessor-version":[{"id":3964,"href":"https:\/\/www.mylifeineurope.nkey.it\/pt-pt\/wp-json\/wp\/v2\/posts\/3963\/revisions\/3964"}],"wp:featuredmedia":[{"embeddable":true,"href":"https:\/\/www.mylifeineurope.nkey.it\/pt-pt\/wp-json\/wp\/v2\/media\/3821"}],"wp:attachment":[{"href":"https:\/\/www.mylifeineurope.nkey.it\/pt-pt\/wp-json\/wp\/v2\/media?parent=3963"}],"wp:term":[{"taxonomy":"category","embeddable":true,"href":"https:\/\/www.mylifeineurope.nkey.it\/pt-pt\/wp-json\/wp\/v2\/categories?post=3963"},{"taxonomy":"post_tag","embeddable":true,"href":"https:\/\/www.mylifeineurope.nkey.it\/pt-pt\/wp-json\/wp\/v2\/tags?post=3963"}],"curies":[{"name":"wp","href":"https:\/\/api.w.org\/{rel}","templated":true}]}}